{"id":8041,"date":"2019-08-02T09:51:56","date_gmt":"2019-08-02T09:51:56","guid":{"rendered":"https:\/\/cambrils-turisme.com\/les-nostres-platges\/"},"modified":"2021-04-15T13:43:32","modified_gmt":"2021-04-15T13:43:32","slug":"les-plages-de-cambrils","status":"publish","type":"post","link":"https:\/\/cambrils-turisme.com\/fr\/les-plages-de-cambrils\/","title":{"rendered":"LES PLAGES DE CAMBRILS"},"content":{"rendered":"<p align=\"justify\"><span style=\"font-family: Arial, sans-serif;\">R\u00e9cemment une petite fille nous a dit: <strong>\u201cCambrils c&rsquo;est la mer\u201d<\/strong>. C&rsquo;\u00e9tait tellement clair pour elle&#8230; Et c&rsquo;est que, vraiment, on ne peut pas parler de notre ville sans mentionner les 9 kilom\u00e8tres de sa c\u00f4te maritime.<\/span><\/p>\n<p align=\"justify\"><span style=\"font-family: Arial, sans-serif;\"><span lang=\"fr-FR\">Ici<\/span><\/span><span style=\"font-family: Arial, sans-serif;\">, les<\/span><span style=\"font-family: Arial, sans-serif;\"><span lang=\"fr-FR\"> douces<\/span><\/span><span style=\"font-family: Arial, sans-serif;\"> vagues<\/span><span style=\"font-family: Arial, sans-serif;\"><span lang=\"fr-FR\"> s&rsquo;\u00e9crasent<\/span><\/span><span style=\"font-family: Arial, sans-serif;\"> sur le sable fin de Cambrils, id\u00e9al pour les jeux des enfants. <\/span><span style=\"font-family: Arial, sans-serif;\">Ceux qui viennent chez nous, tombent amoureux pour toujours et trouvent \u00e0 Cambrils <\/span><span style=\"font-family: Arial, sans-serif;\"><b><a href=\"https:\/\/cambrils-turisme.com\/fr\/allotjament\/\">un h\u00e9bergement parfait<\/a>. <\/b><\/span><span style=\"font-family: Arial, sans-serif;\">Les familles peuvent profiter de la mer de Cambrils et de ses 4 <strong><a href=\"https:\/\/cambrils-turisme.com\/fr\/platges-bandera-blava\/\">plages sous Pavillon Bleu<\/a><\/strong> qui r\u00e9compense l&rsquo;excellente qualit\u00e9 de notre environnement maritime.<\/span><\/p>\n<p align=\"justify\"><span style=\"font-family: Arial, sans-serif;\">Beaucoup de personnes disent que pr\u00e8s de la mer on trouve la paix, la s\u00e9r\u00e9nit\u00e9 et le calme dont on a tellement besoin de nos jours. <\/span><span style=\"font-family: Arial, sans-serif;\"><b>Cambrils va vous permettre de redevenir un enfant <\/b><\/span><span style=\"font-family: Arial, sans-serif;\">et de profiter du soleil au milieu des rires de vos proches, en vivant de nouveau l&rsquo;innocence de vos premi\u00e8res vacances d&rsquo;\u00e9t\u00e9. <\/span><span style=\"font-family: Arial, sans-serif;\">Vous vous en souvenez?<\/span><\/p>\n<p align=\"justify\"><span style=\"font-family: Arial, sans-serif;\">Nos plages sont id\u00e9ales pour les enfants, avec leurs oasis de palmiers et leurs jeux pour l&rsquo;apprentissage. Pour les plus aventuriers il y a aussi des plates-formes flottantes sur la mer, des lits \u00e9lastiques sur les plages et aussi des miniclubs o\u00f9 ils auront l&rsquo;occasion de faire la connaissance d&rsquo;autres enfants. <\/span><span style=\"font-family: Arial, sans-serif;\"><b>Cambrils c&rsquo;est la famille.<\/b><\/span><\/p>\n<p align=\"justify\"><span style=\"font-family: Arial, sans-serif;\">Si vous parlez avec les marins de la zone, ils vous recommanderont des choses \u00e0 faire&#8230;Ils vont, tous, vous parler de la plage connue sous le nom de <\/span><span style=\"font-family: Arial, sans-serif;\">Playa del Regueral <\/span><span style=\"font-family: Arial, sans-serif;\">, qui s&rsquo;appelle en r\u00e9alit\u00e9 plage Prat d&rsquo;En For\u00e8s-Regueral, o\u00f9 vous rencontrerez des visiteurs, des touristes et des gens d&rsquo;ici. Ici, vous pourrez faire du sport sur les terrains de volley-ball et de football ou profiter des bars de plage et des chaises-longues \u00e0 l&rsquo;ombre des auvents. En plus , les passerelles sur le sable et les chaises amphibie pour les bains de mer en font une\u00a0 des <\/span><span style=\"font-family: Arial, sans-serif;\"><b><a href=\"https:\/\/cambrils-turisme.com\/fr\/serveis-adaptats-platjes-cadires-amfibies\/\">plages adapt\u00e9es inclusive<\/a>, <\/b><\/span><span style=\"font-family: Arial, sans-serif;\">mais ce n&rsquo;est pas l\u00e0 la seule, en effet vous trouverez aussi ses services sur d&rsquo;autres plages, telles que celles de Cavet ou de l&rsquo;Esquirol.<\/span><\/p>\n<p align=\"justify\"><span style=\"font-family: Arial, sans-serif;\">Sur les plages de Cambrils<\/span><span style=\"font-family: Arial, sans-serif;\"> vous pouvez tout faire, jouer avec les vagues \u2013 sur les plages peu profondes- ou jouir d&rsquo;une promenade sur le sable fin de notre c\u00f4te, tandis que l&rsquo;eau , avec son va et vient, vous mouille les jambes. Ceci dit, lorsque vous serez pr\u00eats \u00e0 aller manger , vous pourrez choisir entre plus d&rsquo;une vingtaine de restaurants et de bars situ\u00e9s tout au long de la <\/span><span style=\"font-family: Arial, sans-serif;\"><b>promenade Maritime de Cambrils<\/b><\/span><span style=\"font-family: Arial, sans-serif;\">. \u00c0 Cambrils, <strong><a href=\"https:\/\/cambrils-turisme.com\/fr\/capitale-gastronomique-de-la-costa-daurada\/\">Capitale Gastronomique de la Costa Daurada<\/a><\/strong>, vous aurez un bon nombre de d\u00e9licieuses options allant de la cuisine traditionnelle marini\u00e8re jusqu&rsquo;aux derni\u00e8res tendances de la cuisine d&rsquo;avant-garde.<\/span><\/p>\n<p align=\"justify\"><span style=\"font-family: Arial, sans-serif;\">Que vous arriviez en voiture, par la <a href=\"https:\/\/cambrils-turisme.com\/fr\/carril-bici\/\">voie cyclable<\/a> ou \u00e0 pied&#8230;..vous verrez que notre paysage maritime est id\u00e9al pour prendre un \u201cselfie\u201d. En fait, nous vous recommandons d&rsquo;aller \u00e0 la plage de La Riera et de vous prendre en photo \u00e0 c\u00f4t\u00e9 del lettres de notre ville. <\/span><span style=\"font-family: Arial, sans-serif;\">Chaque jour, des milliers de touristes sourient et capturent cette image de notre terre. <\/span><span style=\"font-family: Arial, sans-serif;\">La <\/span><span style=\"font-family: Arial, sans-serif;\"><b>promenade de Les Palmeres <\/b><\/span><span style=\"font-family: Arial, sans-serif;\">est l&rsquo;un des endroits les plus photographi\u00e9s de la ville. Et, si vous marchez un peu plus, vous verrez que <\/span><span style=\"font-family: Arial, sans-serif;\"><b><a href=\"https:\/\/cambrils-turisme.com\/fr\/platja-per-a-gossos\/\">les chiens sont aussi les bienvenus sur nos plages<\/a>, <\/b><\/span><span style=\"font-family: Arial, sans-serif;\">pour nos petits amis \u00e0 quatre pattes nous avons une zone restreinte o\u00f9 ils peuvent profiter de la mer tandis qu&rsquo;ils s&rsquo;amusent avec leurs ma\u00eetres.<\/span><\/p>\n<h3 align=\"justify\"><span style=\"font-family: Arial, sans-serif;\">Nous pouvons tout simplement vous dire, venez et <\/span><span style=\"font-family: Arial, sans-serif;\"><b>profitez des plages de Cambrils!<\/b><\/span><\/h3>\n<p align=\"justify\"><a href=\"https:\/\/cambrils-turisme.com\/fr\/platja-de-lardiaca\/\"><span style=\"font-family: Arial, sans-serif;\"><u><b>Plage de La Ardiaca<\/b><\/u><\/span><\/a><\/p>\n<p align=\"justify\"><span style=\"font-family: Arial, sans-serif;\">Sur la <\/span><span style=\"font-family: Arial, sans-serif;\">plage de La Ardiaca <\/span><span style=\"font-family: Arial, sans-serif;\">vous trouverez un espace tr\u00e8s large o\u00f9 garer votre voiture et vous d\u00e9tendre en famille. Les chaises-longues et les auvents de la zone vous permettront de d\u00e9poser vos affaires en lieu s\u00fbr. En plus, si vous aimez <\/span><span style=\"font-family: Arial, sans-serif;\"><b>faire du sport<\/b><\/span><span style=\"font-family: Arial, sans-serif;\"> et si vous souhaitez partager un bon moment en famille, vous pouvez profiter du terrain de volley-ball.<\/span><\/p>\n<p align=\"justify\"><span style=\"font-family: Arial, sans-serif;\">Mais ce n&rsquo;est pas tout, vous y trouverez aussi une oasis avec des jeux pour enfants o\u00f9 les plus petits de la famille vont vous r\u00e9galer avec leurs rires et o\u00f9 vous partagerez avec eux des moments si sp\u00e9ciaux tels que leurs premiers mots, leurs premiers pas&#8230;.<\/span><span style=\"font-family: Arial, sans-serif;\">un \u00e9t\u00e9 plein d&rsquo;aventures<\/span><span style=\"font-family: Arial, sans-serif;\"> et de moments inoubliables.<\/span><\/p>\n<p align=\"justify\"><a href=\"https:\/\/cambrils-turisme.com\/fr\/platja-de-la-llosa\/\"><span style=\"font-family: Arial, sans-serif;\"><u><b>Plage de La Llosa<\/b><\/u><\/span><\/a><\/p>\n<p align=\"justify\"><span style=\"font-family: Arial, sans-serif;\">La Llosa est l&rsquo;une des plages les plus c\u00e9l\u00e8bres<\/span><span style=\"font-family: Arial, sans-serif;\"> de Cambrils. Les vagues sont plates et les enfants peuvent y jouer sans crainte. En plus, il s&rsquo;agit d&rsquo;un espace \u00e0 proximit\u00e9 du centre-ville. C&rsquo;est aussi une zone adapt\u00e9e inclusive o\u00f9 les personnes \u00e0 mobilit\u00e9 r\u00e9duite peuvent profiter d&rsquo;un bain de mer avec la <a href=\"https:\/\/cambrils-turisme.com\/fr\/serveis-adaptats-platjes-cadires-amfibies\/\">chaise amphibie<\/a>.<\/span><\/p>\n<p align=\"justify\"><span style=\"font-family: Arial, sans-serif;\">Vous y trouverez aussi une zone d&rsquo;aventure o\u00f9 l&rsquo;eau en est la grande protagoniste. \u00c0 l&rsquo;<strong>Ecole Nautique<\/strong> vous pourrez pratiquer des sports nautiques en famille. Une excellente option si vous souhaitez combiner les sports, une escapade en famille et une matin\u00e9e id\u00e9ale en mer.<\/span><\/p>\n<p align=\"justify\"><a href=\"https:\/\/cambrils-turisme.com\/fr\/platja-horta-santa-maria\/\"><span style=\"font-family: Arial, sans-serif;\"><u><b>Plage Horta de Santa Mar\u00eda<\/b><\/u><\/span><\/a><\/p>\n<p align=\"justify\"><span style=\"font-family: Arial, sans-serif;\">Nous aimons que toute la famille puisse se baigner, m\u00eame nos amis \u00e0 quatre pattes. Sur la <\/span><span style=\"font-family: Arial, sans-serif;\">plage de Horta de Santa Mar\u00eda vous trouverez une <a href=\"https:\/\/cambrils-turisme.com\/fr\/platja-per-a-gossos\/\">zone restreinte pour les chiens<\/a>. <\/span><span style=\"font-family: Arial, sans-serif;\">Les plus petits pourront, eux aussi, profiter des lits \u00e9lastiques, entre autres services. Ainsi , sur cette plage , outre le merveilleux paysage , vous trouverez un endroit id\u00e9al pour toute la famille. Une excuse parfaite pour profiter du soleil dont nous jouissons sur <\/span><span style=\"font-family: Arial, sans-serif;\">les c\u00f4tes de Cambrils<b>.<\/b><\/span><\/p>\n<p align=\"justify\"><a href=\"https:\/\/cambrils-turisme.com\/fr\/platja-de-la-riera\/\"><span style=\"font-family: Arial, sans-serif;\"><u><b>Plage de La Riera<\/b><\/u><\/span><\/a><\/p>\n<p align=\"justify\"><span style=\"font-family: Arial, sans-serif;\"><u>La plage de La Riera<\/u><\/span><b> <\/b><span style=\"font-family: Arial, sans-serif;\">est parfaite pour les personnes qui aiment prendre l&rsquo;app\u00e9ritif apr\u00e8s leur bain de mer. Il s&rsquo;agit d&rsquo;un espace \u00e0 proximit\u00e9 de la Promenade Maritime. Il y a, en plus, <\/span><a href=\"https:\/\/cambrils-turisme.com\/fr\/platja-per-a-gossos\/\"><span style=\"font-family: Arial, sans-serif;\">une zone restreinte pour les chiens<\/span><\/a><span style=\"font-family: Arial, sans-serif;\"> tr\u00e8s pr\u00e8s des zones de loisirs.<\/span><\/p>\n<p align=\"justify\"><span style=\"font-family: Arial, sans-serif;\">Comme <\/span><span style=\"font-family: Arial, sans-serif;\"><b>Cambrils c&rsquo;est le sport , <\/b><\/span><span style=\"font-family: Arial, sans-serif;\">cette plage centrique dispose \u00e9galement d&rsquo;une zone o\u00f9 vous pourrez profiter du basket-ball, gr\u00e2ce aux terrains en bord de mer. Une excellente option pour un match le dimanche.<\/span><\/p>\n<p align=\"justify\"><a href=\"https:\/\/cambrils-turisme.com\/fr\/platja-regueral-prat-den-fores\/\"><span style=\"font-family: Arial, sans-serif;\"><u><b>Plage Prat d&rsquo;En For\u00e9s-Regueral<\/b><\/u><\/span><\/a><\/p>\n<p align=\"justify\"><span style=\"font-family: Arial, sans-serif;\">Si vous \u00eates de ceux qui aiment rencontrer de nouvelles personnes, vous \u00eates au bon endroit sur notre <\/span><span style=\"font-family: Arial, sans-serif;\">plage Prat d&rsquo; En For\u00e8s o\u00f9 les gens de Cambrils profitent de leurs dimanches. <\/span><span style=\"font-family: Arial, sans-serif;\">Un endroit li\u00e9 \u00e0 la tradition marini\u00e8re de notre ville. Ses vagues sont parfaites pour les enfants, tandis que sur le bord de mer les familles sourient et bavardent. Il y aussi une <\/span><span style=\"font-family: Arial, sans-serif;\"><b>oasis avec des jeux pour les enfants <\/b><\/span><span style=\"font-family: Arial, sans-serif;\">et les palmiers qui font de l&rsquo;ombre. Il s&rsquo;agit l\u00e0 d&rsquo;une des quatre plages au drapeau bleu bien m\u00e9rit\u00e9.<\/span><\/p>\n<p align=\"justify\"><span style=\"font-family: Arial, sans-serif;\">Sur la mer il y a aussi une plate-forme, et en bord de mer deux terrains pour jouer au football ou au volley-ball. <\/span><span style=\"font-family: Arial, sans-serif;\"><b>Profiter du sport sur la plage<\/b><\/span><span style=\"font-family: Arial, sans-serif;\"> n&rsquo;est pas un probl\u00e8me. Les personnes \u00e0 mobilit\u00e9 r\u00e9duite peuvent aussi se baigner car cette plage dispose de chaise amphibie et de passerelles sur le sable. <\/span><span style=\"font-family: Arial, sans-serif;\">Un Cambrils authentique qui n&rsquo;exclue personne!<\/span><\/p>\n<p align=\"justify\"><a href=\"https:\/\/cambrils-turisme.com\/fr\/platja-de-cavet\/\"><span style=\"font-family: Arial, sans-serif;\"><u><b>Plage de Cavet<\/b><\/u><\/span><\/a><\/p>\n<p align=\"justify\"><span style=\"font-family: Arial, sans-serif;\"><u>La plage du Cavet<\/u><\/span><span style=\"font-family: Arial, sans-serif;\"> est un espace parfait pour nager dans la mer calme de Cambrils.<\/span><span style=\"font-family: Arial, sans-serif;\"> Vous y trouverez beaucoup de services, mais nous vous recommandons de chercher un peu pour pratiquer les sports nautiques \u00e0 l&rsquo;<strong>Ecole Nautique<\/strong>. Et si vous souhaitez nager un moment, il y a aussi <a href=\"http:\/\/cambrilscn.com\/\"><strong>un canal de natation en eau libre<\/strong><\/a>.<\/span><\/p>\n<p align=\"justify\"><span style=\"font-family: Arial, sans-serif;\">En plus, tout comme une partie importante de Cambrils, cette plage est <\/span><a href=\"https:\/\/cambrils-turisme.com\/fr\/carril-bici\/\"><span style=\"font-family: Arial, sans-serif;\">reli\u00e9e par une voie cyclable<\/span><\/a><span style=\"font-family: Arial, sans-serif;\"> qui permet que tout le monde puisse y acc\u00e9der d&rsquo;une mani\u00e8re simple et directe. Vous n&rsquo;avez plus d&rsquo;excuses!<\/span><\/p>\n<p align=\"justify\"><a href=\"https:\/\/cambrils-turisme.com\/fr\/platja-de-lesquirol\/\"><span style=\"font-family: Arial, sans-serif;\"><u><b>Plage de l&rsquo;Esquirol<\/b><\/u><\/span><\/a><\/p>\n<p align=\"justify\"><span style=\"font-family: Arial, sans-serif;\"><u>La plage de L&rsquo;Esquirol<\/u><\/span><span style=\"font-family: Arial, sans-serif;\"> est un endroit parfait pour ceux qui ne veulent pas se d\u00e9placer en voiture. <\/span><span style=\"font-family: Arial, sans-serif;\">On peut y arriver \u00e0 pied et c&rsquo;est une plage tr\u00e8s large<\/span><span style=\"font-family: Arial, sans-serif;\">. <\/span><span style=\"font-family: Arial, sans-serif;\">Elle dispose, aussi, de rampes d&rsquo;acc\u00e8s pour les personnes \u00e0 mobilit\u00e9 r\u00e9duite. Elle est id\u00e9ale pour les personnes souhaitant passer la journ\u00e9e sur la plage car elle a <\/span><a href=\"https:\/\/cambrils-turisme.com\/fr\/carril-bici\/\"><span style=\"font-family: Arial, sans-serif;\">une voie cyclable<\/span><\/a><span style=\"font-family: Arial, sans-serif;\"> et une zone pour se promener.<\/span><\/p>\n<p align=\"justify\"><span style=\"font-family: Arial, sans-serif;\">Il y a, en plus, des bars de plage et des chaises-longues qui en font <\/span><span style=\"font-family: Arial, sans-serif;\"><b>un endroit id\u00e9al pour un pique-nique<\/b><\/span><span style=\"font-family: Arial, sans-serif;\"> avec vos proches et pour profiter d&rsquo;une journ\u00e9e enti\u00e8re au soleil qui baigne Cambrils. Il s&rsquo;agit d&rsquo;une plage calme qui permet, \u00e0 ceux qui le souhaitent, profiter de la nature.<\/span><\/p>\n<p align=\"justify\"><a href=\"https:\/\/cambrils-turisme.com\/fr\/platja-de-vilafortuny\/\"><span style=\"font-family: Arial, sans-serif;\"><u><b>Plage de Vilafortuny<\/b><\/u><\/span><\/a><\/p>\n<p align=\"justify\"><span style=\"font-family: Arial, sans-serif;\"><u>La plage de Vilafortuny<\/u><\/span><span style=\"font-family: Arial, sans-serif;\"> est une large zone o\u00f9 il y a des bars de plage, elle se trouve plus \u00e9loign\u00e9e du centre de Cambrils. C&rsquo;est un endroit id\u00e9al o\u00f9 vous pouvez profiter avec vos proches sans interruptions. En plus, les plus petits pourront s&rsquo;amuser dans <\/span><span style=\"font-family: Arial, sans-serif;\"><b>les zones de loisirs et dans les oasis avec les jeux pour enfants<\/b><\/span><span style=\"font-family: Arial, sans-serif;\">, c&rsquo;est s\u00fbr que ce sera un jour remplit d&rsquo;aventures \u00e0 expliquer par la suite. Un endroit parfait pour une sortie en famille le dimanche, o\u00f9 la plage vous offrira des moments de d\u00e9tente et de paix.<\/span><\/p>\n<p align=\"justify\"><a href=\"https:\/\/cambrils-turisme.com\/fr\/platja-cap-sant-pere\/\"><span style=\"font-family: Arial, sans-serif;\"><u><b>Plage Cap de St. Pere<\/b><\/u><\/span><\/a><\/p>\n<p align=\"justify\"><span style=\"font-family: Arial, sans-serif;\"><u>La plage du Cap de Sant Pere<\/u><\/span><span style=\"font-family: Arial, sans-serif;\"> est notre fronti\u00e8re. <\/span><span style=\"font-family: Arial, sans-serif;\">Seulement ceux qui souhaitent conna\u00eetre<\/span><span style=\"font-family: Arial, sans-serif;\"> le Cambrils Authentique et le plus naturel<\/span><span style=\"font-family: Arial, sans-serif;\"> y viennent. <\/span><span style=\"font-family: Arial, sans-serif;\">C&rsquo;est un paradis \u00e9loign\u00e9 des zones urbaines, o\u00f9 vous trouverez un espace pour profiter du calme et de la paix des sons de la mer .<\/span><\/p>\n<p align=\"justify\"><span style=\"font-family: Arial, sans-serif;\">Pour ceux qui souhaitent faire des activit\u00e9s en mer, on peut pratiquer des sports nautiques \u00e0 l&rsquo; \u00c9cole Nautique de la zone. Avec des passerelles sur le sable, cette plage devient un <a href=\"https:\/\/cambrils-turisme.com\/fr\/serveis-adaptats-platjes-cadires-amfibies\/\">endroit d&rsquo;inclusion<\/a> pour les personnes<\/span><span style=\"font-family: Arial, sans-serif;\"> \u00e0 mobilit\u00e9 r\u00e9duite<\/span><span style=\"font-family: Arial, sans-serif;\">. Personne n&rsquo;est exclu , <\/span><span style=\"font-family: Arial, sans-serif;\"><b>tout le monde est bienvenu \u00e0 Cambrils.<\/b><\/span><\/p>\n","protected":false},"excerpt":{"rendered":"<p>R\u00e9cemment une petite fille nous a dit: \u201cCambrils c&rsquo;est la mer\u201d. C&rsquo;\u00e9tait tellement clair pour elle&#8230; Et c&rsquo;est que, vraiment, on ne peut pas parler de notre ville sans mentionner les 9 kilom\u00e8tres de sa c\u00f4te maritime. Ici, les douces vagues s&rsquo;\u00e9crasent sur le sable fin de Cambrils, id\u00e9al pour les jeux des enfants. Ceux [&hellip;]<\/p>\n","protected":false},"author":5,"featured_media":8926,"comment_status":"closed","ping_status":"closed","sticky":false,"template":"","format":"standard","meta":[],"categories":[286,293],"tags":[],"acf":[],"_links":{"self":[{"href":"https:\/\/cambrils-turisme.com\/fr\/wp-json\/wp\/v2\/posts\/8041"}],"collection":[{"href":"https:\/\/cambrils-turisme.com\/fr\/wp-json\/wp\/v2\/posts"}],"about":[{"href":"https:\/\/cambrils-turisme.com\/fr\/wp-json\/wp\/v2\/types\/post"}],"author":[{"embeddable":true,"href":"https:\/\/cambrils-turisme.com\/fr\/wp-json\/wp\/v2\/users\/5"}],"replies":[{"embeddable":true,"href":"https:\/\/cambrils-turisme.com\/fr\/wp-json\/wp\/v2\/comments?post=8041"}],"version-history":[{"count":9,"href":"https:\/\/cambrils-turisme.com\/fr\/wp-json\/wp\/v2\/posts\/8041\/revisions"}],"predecessor-version":[{"id":21510,"href":"https:\/\/cambrils-turisme.com\/fr\/wp-json\/wp\/v2\/posts\/8041\/revisions\/21510"}],"wp:featuredmedia":[{"embeddable":true,"href":"https:\/\/cambrils-turisme.com\/fr\/wp-json\/wp\/v2\/media\/8926"}],"wp:attachment":[{"href":"https:\/\/cambrils-turisme.com\/fr\/wp-json\/wp\/v2\/media?parent=8041"}],"wp:term":[{"taxonomy":"category","embeddable":true,"href":"https:\/\/cambrils-turisme.com\/fr\/wp-json\/wp\/v2\/categories?post=8041"},{"taxonomy":"post_tag","embeddable":true,"href":"https:\/\/cambrils-turisme.com\/fr\/wp-json\/wp\/v2\/tags?post=8041"}],"curies":[{"name":"wp","href":"https:\/\/api.w.org\/{rel}","templated":true}]}}