{"id":41099,"date":"2021-11-03T10:16:54","date_gmt":"2021-11-03T10:16:54","guid":{"rendered":"https:\/\/cambrils-turisme.com\/vacances-ciclistes-a-cambrils\/"},"modified":"2024-07-05T09:25:38","modified_gmt":"2024-07-05T09:25:38","slug":"vacances-ciclistes-a-cambrils","status":"publish","type":"post","link":"https:\/\/cambrils-turisme.com\/fr\/vacances-ciclistes-a-cambrils\/","title":{"rendered":"Vacances cyclistes \u00e0 Cambrils"},"content":{"rendered":"<p>Sylvain nous parle depuis son Qu\u00e9bec natal, au Canada, o\u00f9 il habite toute l\u2019ann\u00e9e en r\u00eavant aux jours o\u00f9 il pourra prendre son v\u00e9lo et rouler par Cambrils<em>.\u00a0\u00bbPour moi le cyclisme <strong>est un sport qui me permet d\u2019\u00eatre en forme,<\/strong> mais ce qui est surtout important c\u2019est d\u2019\u00eatre en bonne sant\u00e9 \u00e0 ma retraite. \u00ab\u00a0<\/em><\/p>\n<p>Il se consid\u00e8re un \u00ab\u00a0cycliste moyen\u00a0\u00bb et il fait environ 7000 kilom\u00e8tres par an. \u00ab\u00a0 Je fais du v\u00e9lo par plaisir \u00ab\u00a0 ajoute-t-il et il admet que \u00ab\u00a0me retrouver avec l\u2019effort par les montagnes qui entourent Cambrils me produit une grande satisfaction. J\u2019ai connu Cambrils \u00e0 l\u2019\u00e9poque o\u00f9 je fr\u00e9quentais Mallorca. Six ans apr\u00e8s avoir p\u00e9dal\u00e9 par la Serra de Tramuntana et le centre de l\u2019\u00eele j\u2019avais un besoin de changer d\u2019air. Mes amis du Qu\u00e9bec m\u2019ont parl\u00e9 de D\u00e9nia et de Cambrils, mais j\u2019ai essay\u00e9 Cambrils il y a quatre ans et depuis j\u2019y reviens toujours\u00a0\u00bb.<\/p>\n<p>Joris est belge, il provient d\u2019un endroit o\u00f9\u00a0 <em>\u00ab\u00a0le cyclisme n\u2019est pas un sport, c\u2019est une religion\u00a0\u00bb<\/em>. Il se consid\u00e8re <em>\u00ab\u00a0 un peu comp\u00e9titif mais amical<\/em>. <em>Toute bonne sortie en v\u00e9lo se termine avec une bi\u00e8re entre amis\u00a0\u00bb.<\/em><\/p>\n<p>C\u2019est ainsi qu\u2019il a connu Cambrils il y a plus de dix ans. \u00ab\u00a0<em>D\u00e8s le premier \u00e9t\u00e9 o\u00f9 je suis venu \u00e0 Cambrils j\u2019ai commenc\u00e9 \u00e0 faire des sorties \u00e0 v\u00e9lo, je ne suis pas du genre \u00e0 passer toute la journ\u00e9e \u00e0 la plage. Ma premi\u00e8re sortie a \u00e9t\u00e9 la Serra de Llaberia, et rapidement je suis tomb\u00e9 amoureux de l\u2019endroit. Depuis, la premi\u00e8re chose que je fais lorsqu\u2019on part en vacances, c\u2019est charger le v\u00e9lo dans la voiture. Nous avons d\u00e9j\u00e0 une maison de vacances \u00e0 Cambrils, j\u2019y viens plusieurs fois durant l\u2019ann\u00e9e, une d\u2019elles avec des amis cyclistes pour faire du v\u00e9lo par la r\u00e9gion\u00a0\u00bb<\/em><\/p>\n<p><strong>Pourquoi les sorties \u00e0 v\u00e9lo par Cambrils\u00a0?<\/strong><\/p>\n<p>\u00ab\u00a0<em>La Costa Daurada et en particulier Cambrils et ses alentours, sont un endroit tr\u00e8s attractif pour les cyclistes car les parcours propos\u00e9s sont tr\u00e8s nombreux et con\u00e7us pour tous les niveaux<\/em>&#8211; poursuit Sylvain.-. <strong><em>J\u2019appr\u00e9cie la s\u00e9curit\u00e9 des routes et le respect dont font preuve les conducteurs\u00a0\u00bb.<\/em><\/strong><\/p>\n<p>Joris ajoute le climat <em>\u00ab\u00a0j\u2019aime le temps qu\u2019il y fait, malgr\u00e9 que certains jours se l\u00e8vent avec un peu de vent,\u00a0 mais cela n\u2019est pas un probl\u00e8me. Vous pouvez rouler sur le plat, mais aussi aller vers l\u2019int\u00e9rieur et trouver des mont\u00e9es plus longues.<strong>L\u2019environnement est magnifique, on n\u2019est jamais seul, on se croise\u00a0 toujours avec d\u2019autres cyclistes\u00a0\u00bb.\u00a0 <\/strong><\/em><\/p>\n<p><em>\u00ab\u00a0Rouler entre les vignes, les amandiers, les orangers\u2026- continue Sylvain- et connecter directement avec la nature catalane. <strong>A la fin de la journ\u00e9e en v\u00e9lo un vin et un bon repas t\u2019attendent<\/strong>. Se promener dans le village, l\u2019apr\u00e8s-midi, d\u00e9guster des \u00ab\u00a0tapas\u00a0\u00bb, conna\u00eetre des gens, entrer dans les boutiques et en savoir sur les endroits charg\u00e9s d\u2019histoire, ce sont des choses dont je profite \u00e9norm\u00e9ment\u00a0\u00bb.<\/em><\/p>\n<p>&nbsp;<\/p>\n<p>Il ajoute\u00a0: <em>\u00ab <strong>La temp\u00e9rature est parfaite aussi bien au printemps qu\u2019en automne<\/strong>. Les premiers six kilom\u00e8tres de sortie de Cambrils peuvent para\u00eetre un peu g\u00eanants, mais \u00e0 partir de l\u00e0 tu connectes avec les premi\u00e8res mont\u00e9es\u00a0\u00bb.\u00a0<\/em><\/p>\n<p><strong>Quelques randonn\u00e9es cyclistes avec d\u00e9part et arriv\u00e9e \u00e0 Cambrils<\/strong><\/p>\n<p><strong>\u00a0<\/strong><\/p>\n<p>Sur le cahier de Sylvain on trouve\u2026.<\/p>\n<p>&nbsp;<\/p>\n<p>1-Coldejou\/Marca\/Falset\/direction Porrera\/ retour par Teixeta\/Cambrils 77 kms&amp; 1226 m\u00e8tres<\/p>\n<p>&nbsp;<\/p>\n<p>2- Llaberia, retour par Cami de Pratdip 85 km et 1378 m\u00e8tres ou Llaberia A\/R 78 km 1075 m\u00e8tres possibilit\u00e9 de prendre Hospitalet 82 kms&amp;1211 m\u00e8tres<\/p>\n<p>&nbsp;<\/p>\n<p>3- Escornalbou \u00e0 l\u2019horizon:Vinyols\/ Ruidoms\/ Montbrio\/ Villanova\/ Castillo Escornalbou\/ Argentera\/ retour par\u00a0 Montbri\u00f3 60 kms&amp;800 m\u00e8tres<\/p>\n<p>&nbsp;<\/p>\n<p>4- Vinyols\/ Ruidoms\/ Les Borges\/ Maspujols\/ Alexia\u2019s\/ Villaplana\/ Mussara\/ retour par\u00a0 Alforja 77 kms&amp;1256 m\u00e8tres<\/p>\n<p>&nbsp;<\/p>\n<p>5-\u00a0 Mont\u00e9e de la Teixeta et passer \u00e0 Porrera et retour par Falset et Colldejou<\/p>\n<p>&nbsp;<\/p>\n<p>6- Vinyols\/ Ruidoms\/ Alforja\/ Portugal\/Selva\/ retour par\u00a0 Reus\/ Vinyols\/ Cami 62 kms&amp;830 m\u00e8tres<\/p>\n<p>&nbsp;<\/p>\n<p>7- Montroig\/ Coldejou\/ Marca\/ El Masroig\/ El Molar\/ El LLoar\/ Grataloops\/ Torroja Del Priorat\/ Porrera\/ retour par Texeita 105 kms&amp;1900 m\u00e8tres<\/p>\n<p>&nbsp;<\/p>\n<p>8- Pratdip\/ C44\/ Tivissa\/ Serra D\u2019Almos\/ Darmos\/ El Masroig\/ Marca\/ retour par Colldejou 102 kms&amp; 1614 m\u00e8tres<\/p>\n<p>&nbsp;<\/p>\n<p>9- Vinyols\/ Ruidoms\/ N420 jusqu\u2019au rond point vers Alexeiar\/ Villaplana\/ Selva\/ L\u2019Albiol\/ en traversant\u00a0 la Mussara\/ retour par Alforja 94 kms&amp; 1428 m\u00e8tres<\/p>\n<p><em>\u00a0<\/em><\/p>\n<p><em>\u201cCe sont mes parcours pr\u00e9f\u00e9r\u00e9s, avec de nombreuses alternatives en fonction de la forme physique \u00e0 chaque moment donn\u00e9 \u00ab\u00a0 <\/em>nous indique Sylvain qui admet que<em> \u00ab\u00a0je ne peux que recommander Cambrils, par ses diff\u00e9rents parcours, la s\u00e9curit\u00e9, le peu de circulation \u00e0 de nombreux endroits et l\u2019amabilit\u00e9 des gens si tu te vois en difficult\u00e9s\u00a0\u00bb<\/em><\/p>\n<p><em>\u00a0<\/em><\/p>\n<p>Joris conclu\u00a0: <em>\u00ab\u00a0 Je recommanderais cet endroit \u00e0 d\u2019autres cyclistes, mais j\u2019aimerais bien maintenir ce joyau bien cach\u00e9\u2026\u00a0\u00bb<\/em><\/p>\n","protected":false},"excerpt":{"rendered":"<p>Sylvain nous parle depuis son Qu\u00e9bec natal, au Canada, o\u00f9 il habite toute l\u2019ann\u00e9e en r\u00eavant aux jours o\u00f9 il pourra prendre son v\u00e9lo et rouler par Cambrils.\u00a0\u00bbPour moi le cyclisme est un sport qui me permet d\u2019\u00eatre en forme, mais ce qui est surtout important c\u2019est d\u2019\u00eatre en bonne sant\u00e9 \u00e0 ma retraite. \u00ab\u00a0 [&hellip;]<\/p>\n","protected":false},"author":5,"featured_media":41096,"comment_status":"closed","ping_status":"closed","sticky":false,"template":"","format":"standard","meta":[],"categories":[294,295],"tags":[],"acf":[],"_links":{"self":[{"href":"https:\/\/cambrils-turisme.com\/fr\/wp-json\/wp\/v2\/posts\/41099"}],"collection":[{"href":"https:\/\/cambrils-turisme.com\/fr\/wp-json\/wp\/v2\/posts"}],"about":[{"href":"https:\/\/cambrils-turisme.com\/fr\/wp-json\/wp\/v2\/types\/post"}],"author":[{"embeddable":true,"href":"https:\/\/cambrils-turisme.com\/fr\/wp-json\/wp\/v2\/users\/5"}],"replies":[{"embeddable":true,"href":"https:\/\/cambrils-turisme.com\/fr\/wp-json\/wp\/v2\/comments?post=41099"}],"version-history":[{"count":2,"href":"https:\/\/cambrils-turisme.com\/fr\/wp-json\/wp\/v2\/posts\/41099\/revisions"}],"predecessor-version":[{"id":44027,"href":"https:\/\/cambrils-turisme.com\/fr\/wp-json\/wp\/v2\/posts\/41099\/revisions\/44027"}],"wp:featuredmedia":[{"embeddable":true,"href":"https:\/\/cambrils-turisme.com\/fr\/wp-json\/wp\/v2\/media\/41096"}],"wp:attachment":[{"href":"https:\/\/cambrils-turisme.com\/fr\/wp-json\/wp\/v2\/media?parent=41099"}],"wp:term":[{"taxonomy":"category","embeddable":true,"href":"https:\/\/cambrils-turisme.com\/fr\/wp-json\/wp\/v2\/categories?post=41099"},{"taxonomy":"post_tag","embeddable":true,"href":"https:\/\/cambrils-turisme.com\/fr\/wp-json\/wp\/v2\/tags?post=41099"}],"curies":[{"name":"wp","href":"https:\/\/api.w.org\/{rel}","templated":true}]}}