{"id":13501,"date":"2020-11-03T12:06:46","date_gmt":"2020-11-03T12:06:46","guid":{"rendered":"https:\/\/cambrils-turisme.com\/barris-i-viles-marineres\/"},"modified":"2021-04-14T12:39:36","modified_gmt":"2021-04-14T12:39:36","slug":"cambrils-quartier-marin-quartiers-et-cites-marines","status":"publish","type":"post","link":"https:\/\/cambrils-turisme.com\/fr\/cambrils-quartier-marin-quartiers-et-cites-marines\/","title":{"rendered":"Cambrils, Quartier Marin. Quartiers et Cit\u00e9s Marines"},"content":{"rendered":"<h3>Cambrils, quartier marin.<\/h3>\n<p><span style=\"font-size: 20px;\">Le <a href=\"https:\/\/cambrils-turisme.com\/fr\/a-bon-port\/\"><u>quartier du Port de Cambrils<\/u> <\/a>est reconnu avec le distinctif <a href=\"http:\/\/www.catalunya.com\/que-faire\/decouvrez\/quartiers-et-cites-marines-de-catalogne\"><u>Quartier Marin octroy\u00e9 par l\u2019Agence Catalane du Tourisme\u00a0 <\/u><\/a>en reconnaissance de la pr\u00e9servation vivante de la culture li\u00e9e \u00e0 la mer.<\/span><\/p>\n<p><a href=\"http:\/\/www.catalunya.com\/que-faire\/decouvrez\/quartiers-et-cites-marines-de-catalogne\"><img loading=\"lazy\" class=\"size-medium wp-image-13484 aligncenter\" src=\"https:\/\/cambrils-turisme.com\/wp-content\/uploads\/2020\/11\/marca_VilesMarineres.jpg\" alt=\"\" width=\"300\" height=\"93\" srcset=\"https:\/\/cambrils-turisme.com\/wp-content\/uploads\/2020\/11\/marca_VilesMarineres.jpg 1400w, https:\/\/cambrils-turisme.com\/wp-content\/uploads\/2020\/11\/marca_VilesMarineres-300x93.jpg 300w, https:\/\/cambrils-turisme.com\/wp-content\/uploads\/2020\/11\/marca_VilesMarineres-1024x319.jpg 1024w, https:\/\/cambrils-turisme.com\/wp-content\/uploads\/2020\/11\/marca_VilesMarineres-768x239.jpg 768w\" sizes=\"(max-width: 300px) 100vw, 300px\" \/><\/a><\/p>\n<p><span style=\"font-size: 20px;\">Ce distinctif attribu\u00e9 au <a href=\"https:\/\/cambrils-turisme.com\/fr\/a-bon-port\/\">quartier marin de Cambrils<\/a> souligne sa forte personnalit\u00e9 marqu\u00e9e par le caract\u00e8re historique et culturel, la gastronomie, le paysage et la promotion d\u2019\u00e9v\u00e9nements qui tournent autour de la relation entre la personne et la mer.<\/span><\/p>\n<p><span style=\"font-size: 20px;\">Cambrils a une identit\u00e9 singuli\u00e8re tout au long du littoral, donn\u00e9e par son emplacement qui garanti un microclimat et un paysage singulier, en compl\u00e9tant le tout avec la pr\u00e9servation d\u2019un pr\u00e9cieux patrimoine culturel qui comprend une tradition gastronomique tr\u00e8s ancr\u00e9e \u00e0 la mer et au potager, ce qui en a fait un r\u00e9f\u00e9rent de la cuisine catalane et la <a href=\"https:\/\/cambrils-turisme.com\/fr\/capitale-gastronomique-de-la-costa-daurada\/\">Capitale Gastronomique de la Costa Daurada<\/a>.<\/span><\/p>\n<p><span style=\"font-size: 20px;\">\u00c0 Cambrils une partie de la population autochtone est li\u00e9e aux familles des p\u00eacheurs et \u00e0 une activit\u00e9 de p\u00eache traditionnelle et dynamique qui se d\u00e9roule au port de Cambrils, avec son March\u00e9 des P\u00eacheurs comme centre n\u00e9vralgique. C\u2019est l\u2019unique port de p\u00eache du Baix Camp qui partage l\u2019activit\u00e9 sportive et de loisir avec le <a href=\"https:\/\/www.clubnauticcambrils.com\/ca\/el-club-nautic-de-cambrils\/\">Club Nautique Cambrils<\/a>, la <a href=\"https:\/\/www.estacionautica.com\/fr\/accueil\">Station Nautique Costa Daurada<\/a> et autres associations sportives.<\/span><\/p>\n<p><span style=\"font-size: 20px;\"><a href=\"https:\/\/cambrils-turisme.com\/fr\/larribada-barques-port\/\">\u00c0 souligner l\u2019arriv\u00e9e quotidienne des bateaux de chalutage et l\u2019entr\u00e9e du poisson au march\u00e9 du port<\/a> , la procession maritime de la Vierge du Carmen, la recr\u00e9ation des m\u00e9tiers et les coutumes traditionnelles li\u00e9es \u00e0 la mer, telles que la F\u00eate de l\u2019Ormeo et la c\u00e9l\u00e9bration tout au long de l\u2019ann\u00e9e des<a href=\"https:\/\/cambrils-turisme.com\/fr\/gastronomia\/\"> journ\u00e9es gastronomiques,<\/a> comme celles en honneur des Squilles, des Fideus Rossos, du Calamar et de la sauce Romesco, qui mettent en valeur le talent des cuisiniers de Cambrils, ainsi que le haut niveau des restaurants et la qualit\u00e9 des produits de la terre et de la mer. \u00a0<\/span><\/p>\n<p><span style=\"font-size: 20px;\">En plus nos visiteurs peuvent profiter d\u2019autres exp\u00e9riences touristiques qui diffusent les valeurs de la ville marini\u00e8re\u00a0: le Mus\u00e9e d\u2019Histoire de Cambrils\u00a0; <a href=\"https:\/\/cambrils-turisme.com\/fr\/la-torre-del-port\/\">la Tour du Port\u00a0<\/a>; <a href=\"https:\/\/cambrils-turisme.com\/experiencies\/?lang=fr\">les visites th\u00e9\u00e2tralis\u00e9es au Port\u00a0; les visites guid\u00e9es au March\u00e9 des P\u00eacheurs<\/a>\u00a0; la f\u00eate de l\u2019Ormeig et le <a href=\"https:\/\/cambrils-turisme.com\/fr\/parcs-de-cambrils\/\">Parc du Pescador<\/a>, o\u00f9 vous pourrez contempler une embarcation construite par un charpentier de Cambrils.<\/span><\/p>\n","protected":false},"excerpt":{"rendered":"<p>Cambrils, quartier marin. Le quartier du Port de Cambrils est reconnu avec le distinctif Quartier Marin octroy\u00e9 par l\u2019Agence Catalane du Tourisme\u00a0 en reconnaissance de la pr\u00e9servation vivante de la culture li\u00e9e \u00e0 la mer. Ce distinctif attribu\u00e9 au quartier marin de Cambrils souligne sa forte personnalit\u00e9 marqu\u00e9e par le caract\u00e8re historique et culturel, la [&hellip;]<\/p>\n","protected":false},"author":5,"featured_media":13496,"comment_status":"closed","ping_status":"closed","sticky":false,"template":"","format":"standard","meta":[],"categories":[484],"tags":[],"acf":[],"_links":{"self":[{"href":"https:\/\/cambrils-turisme.com\/fr\/wp-json\/wp\/v2\/posts\/13501"}],"collection":[{"href":"https:\/\/cambrils-turisme.com\/fr\/wp-json\/wp\/v2\/posts"}],"about":[{"href":"https:\/\/cambrils-turisme.com\/fr\/wp-json\/wp\/v2\/types\/post"}],"author":[{"embeddable":true,"href":"https:\/\/cambrils-turisme.com\/fr\/wp-json\/wp\/v2\/users\/5"}],"replies":[{"embeddable":true,"href":"https:\/\/cambrils-turisme.com\/fr\/wp-json\/wp\/v2\/comments?post=13501"}],"version-history":[{"count":7,"href":"https:\/\/cambrils-turisme.com\/fr\/wp-json\/wp\/v2\/posts\/13501\/revisions"}],"predecessor-version":[{"id":21464,"href":"https:\/\/cambrils-turisme.com\/fr\/wp-json\/wp\/v2\/posts\/13501\/revisions\/21464"}],"wp:featuredmedia":[{"embeddable":true,"href":"https:\/\/cambrils-turisme.com\/fr\/wp-json\/wp\/v2\/media\/13496"}],"wp:attachment":[{"href":"https:\/\/cambrils-turisme.com\/fr\/wp-json\/wp\/v2\/media?parent=13501"}],"wp:term":[{"taxonomy":"category","embeddable":true,"href":"https:\/\/cambrils-turisme.com\/fr\/wp-json\/wp\/v2\/categories?post=13501"},{"taxonomy":"post_tag","embeddable":true,"href":"https:\/\/cambrils-turisme.com\/fr\/wp-json\/wp\/v2\/tags?post=13501"}],"curies":[{"name":"wp","href":"https:\/\/api.w.org\/{rel}","templated":true}]}}