{"id":27595,"date":"2021-06-11T09:03:12","date_gmt":"2021-06-11T09:03:12","guid":{"rendered":"https:\/\/cambrils-turisme.com\/?p=27595"},"modified":"2021-06-17T09:20:45","modified_gmt":"2021-06-17T09:20:45","slug":"antica-roma","status":"publish","type":"post","link":"https:\/\/cambrils-turisme.com\/es\/antica-roma\/","title":{"rendered":"Antica Roma"},"content":{"rendered":"<p>[vc_row el_class=\u00bbcontenidor-menu\u00bb][vc_column][vc_custom_heading text=\u00bb- Sabor del campo -\u00bb font_container=\u00bbtag:h2|font_size:18px|text_align:center\u00bb google_fonts=\u00bbfont_family:Montserrat%3Aregular%2C700|font_style:700%20bold%20regular%3A700%3Anormal\u00bb][vc_empty_space][vc_column_text]<\/p>\n<p style=\"text-align: center;\">Pasta rellena de huevo y espinacas acompa\u00f1ada de una salsa de jam\u00f3n dulce, nata y champi\u00f1ones.<\/p>\n<p>[\/vc_column_text][vc_empty_space][vc_custom_heading text=\u00bb- Horario de servicio de tapas -\u00bb font_container=\u00bbtag:h2|font_size:18px|text_align:center\u00bb google_fonts=\u00bbfont_family:Montserrat%3Aregular%2C700|font_style:700%20bold%20regular%3A700%3Anormal\u00bb][vc_empty_space height=\u00bb20px\u00bb][vc_column_text]<\/p>\n<p style=\"text-align: center;\">De 12:00 a 16:00h \u00a0y de 19:00 a 21:00h.<\/p>\n<p style=\"text-align: center;\">Mi\u00e9rcoles cerrado.<\/p>\n<p>[\/vc_column_text][vc_empty_space][vc_column_text][\/vc_column_text][vc_empty_space height=\u00bb20px\u00bb][vc_column_text el_class=\u00bbpreu\u00bb]4\u20ac[\/vc_column_text][vc_empty_space][\/vc_column][\/vc_row]<\/p>\n","protected":false},"excerpt":{"rendered":"<p>[vc_row el_class=\u00bbcontenidor-menu\u00bb][vc_column][vc_custom_heading text=\u00bb- Sabor del campo -\u00bb font_container=\u00bbtag:h2|font_size:18px|text_align:center\u00bb google_fonts=\u00bbfont_family:Montserrat%3Aregular%2C700|font_style:700%20bold%20regular%3A700%3Anormal\u00bb][vc_empty_space][vc_column_text] Pasta rellena de huevo y espinacas acompa\u00f1ada de una salsa de jam\u00f3n dulce, nata y champi\u00f1ones. [\/vc_column_text][vc_empty_space][vc_custom_heading text=\u00bb- Horario de servicio de tapas -\u00bb font_container=\u00bbtag:h2|font_size:18px|text_align:center\u00bb google_fonts=\u00bbfont_family:Montserrat%3Aregular%2C700|font_style:700%20bold%20regular%3A700%3Anormal\u00bb][vc_empty_space height=\u00bb20px\u00bb][vc_column_text] De 12:00 a 16:00h \u00a0y de 19:00 a 21:00h. Mi\u00e9rcoles cerrado. [\/vc_column_text][vc_empty_space][vc_column_text][\/vc_column_text][vc_empty_space height=\u00bb20px\u00bb][vc_column_text el_class=\u00bbpreu\u00bb]4\u20ac[\/vc_column_text][vc_empty_space][\/vc_column][\/vc_row]<\/p>\n","protected":false},"author":7,"featured_media":28009,"comment_status":"closed","ping_status":"closed","sticky":false,"template":"","format":"standard","meta":[],"categories":[545],"tags":[],"acf":[],"_links":{"self":[{"href":"https:\/\/cambrils-turisme.com\/es\/wp-json\/wp\/v2\/posts\/27595"}],"collection":[{"href":"https:\/\/cambrils-turisme.com\/es\/wp-json\/wp\/v2\/posts"}],"about":[{"href":"https:\/\/cambrils-turisme.com\/es\/wp-json\/wp\/v2\/types\/post"}],"author":[{"embeddable":true,"href":"https:\/\/cambrils-turisme.com\/es\/wp-json\/wp\/v2\/users\/7"}],"replies":[{"embeddable":true,"href":"https:\/\/cambrils-turisme.com\/es\/wp-json\/wp\/v2\/comments?post=27595"}],"version-history":[{"count":5,"href":"https:\/\/cambrils-turisme.com\/es\/wp-json\/wp\/v2\/posts\/27595\/revisions"}],"predecessor-version":[{"id":28249,"href":"https:\/\/cambrils-turisme.com\/es\/wp-json\/wp\/v2\/posts\/27595\/revisions\/28249"}],"wp:featuredmedia":[{"embeddable":true,"href":"https:\/\/cambrils-turisme.com\/es\/wp-json\/wp\/v2\/media\/28009"}],"wp:attachment":[{"href":"https:\/\/cambrils-turisme.com\/es\/wp-json\/wp\/v2\/media?parent=27595"}],"wp:term":[{"taxonomy":"category","embeddable":true,"href":"https:\/\/cambrils-turisme.com\/es\/wp-json\/wp\/v2\/categories?post=27595"},{"taxonomy":"post_tag","embeddable":true,"href":"https:\/\/cambrils-turisme.com\/es\/wp-json\/wp\/v2\/tags?post=27595"}],"curies":[{"name":"wp","href":"https:\/\/api.w.org\/{rel}","templated":true}]}}