{"id":14399,"date":"2021-02-08T13:14:54","date_gmt":"2021-02-08T13:14:54","guid":{"rendered":"https:\/\/cambrils-turisme.com\/?p=14399"},"modified":"2023-11-03T10:05:19","modified_gmt":"2023-11-03T10:05:19","slug":"transport-public-a-cambrils","status":"publish","type":"post","link":"https:\/\/cambrils-turisme.com\/es\/transport-public-a-cambrils\/","title":{"rendered":"Transporte P\u00fablico en Cambrils"},"content":{"rendered":"<h3>Medios de Transporte P\u00fablico en Cambrils<\/h3>\n<h4><\/h4>\n<h4>BICICLETAS<\/h4>\n<p>ALQUILLER&amp;REPARACI\u00d3N DE BICICLETAS:<\/p>\n<ul>\n<li><a href=\"https:\/\/www.bikecambrils.com\/\"><strong>Bike Cambrils<\/strong><\/a><\/li>\n<li><a href=\"https:\/\/www.dracbeach.com\/es\/inicio\"><strong>Drac Beach<\/strong><\/a><\/li>\n<li><a href=\"http:\/\/www.marinebicicletes.cat\"><strong>Esports Marin\u00e9<\/strong><\/a><\/li>\n<li><a href=\"https:\/\/www.facebook.com\/GabiBikeCambrils\"><strong>Gabi Bike<\/strong><\/a><\/li>\n<li><strong><a href=\"https:\/\/cyclingholidays.es\/\">RodaBike Cycling&amp;Coffee<\/a>\u00a0<\/strong><\/li>\n<\/ul>\n<p>&nbsp;<\/p>\n<p style=\"text-align: center;\"><strong><a href=\"http:\/\/costadaurada.bike\/mapa-rutas-costa-low.pdf\">PLANO CARRILES BICI<\/a><\/strong><\/p>\n<h3><\/h3>\n<p>&nbsp;<\/p>\n<h4><a href=\"https:\/\/www.cambrils.cat\/ca\/serveis\/aparcaments-i-mobilitat-de-cambrils\/serveis\/transport-public-urba\">BUS URBANO<\/a><\/h4>\n<p><strong>Lunes a viernes<\/strong><\/p>\n<p><a href=\"https:\/\/cambrils-turisme.com\/wp-content\/uploads\/2021\/02\/HORARIS-BUS-URBA-DE-DILLUNS-A-DIVENDRES-LABORABLES-Inici-5-de-setembre_page-0001-1.jpg\"><img loading=\"lazy\" class=\"alignnone size-medium wp-image-71550\" src=\"https:\/\/cambrils-turisme.com\/wp-content\/uploads\/2021\/02\/HORARIS-BUS-URBA-DE-DILLUNS-A-DIVENDRES-LABORABLES-Inici-5-de-setembre_page-0001-1.jpg\" alt=\"\" width=\"300\" height=\"213\" srcset=\"https:\/\/cambrils-turisme.com\/wp-content\/uploads\/2021\/02\/HORARIS-BUS-URBA-DE-DILLUNS-A-DIVENDRES-LABORABLES-Inici-5-de-setembre_page-0001-1.jpg 2516w, https:\/\/cambrils-turisme.com\/wp-content\/uploads\/2021\/02\/HORARIS-BUS-URBA-DE-DILLUNS-A-DIVENDRES-LABORABLES-Inici-5-de-setembre_page-0001-1-300x213.jpg 300w, https:\/\/cambrils-turisme.com\/wp-content\/uploads\/2021\/02\/HORARIS-BUS-URBA-DE-DILLUNS-A-DIVENDRES-LABORABLES-Inici-5-de-setembre_page-0001-1-1024x729.jpg 1024w, https:\/\/cambrils-turisme.com\/wp-content\/uploads\/2021\/02\/HORARIS-BUS-URBA-DE-DILLUNS-A-DIVENDRES-LABORABLES-Inici-5-de-setembre_page-0001-1-768x546.jpg 768w, https:\/\/cambrils-turisme.com\/wp-content\/uploads\/2021\/02\/HORARIS-BUS-URBA-DE-DILLUNS-A-DIVENDRES-LABORABLES-Inici-5-de-setembre_page-0001-1-1536x1093.jpg 1536w, https:\/\/cambrils-turisme.com\/wp-content\/uploads\/2021\/02\/HORARIS-BUS-URBA-DE-DILLUNS-A-DIVENDRES-LABORABLES-Inici-5-de-setembre_page-0001-1-2048x1457.jpg 2048w\" sizes=\"(max-width: 300px) 100vw, 300px\" \/><\/a>\u00a0 \u00a0 \u00a0 \u00a0 <a href=\"https:\/\/cambrils-turisme.com\/wp-content\/uploads\/2021\/02\/HORARIS-BUS-URBA-DE-DILLUNS-A-DIVENDRES-LABORABLES-Inici-5-de-setembre_page-0002.jpg\"><img loading=\"lazy\" class=\"alignnone size-medium wp-image-71554\" src=\"https:\/\/cambrils-turisme.com\/wp-content\/uploads\/2021\/02\/HORARIS-BUS-URBA-DE-DILLUNS-A-DIVENDRES-LABORABLES-Inici-5-de-setembre_page-0002.jpg\" alt=\"\" width=\"300\" height=\"213\" srcset=\"https:\/\/cambrils-turisme.com\/wp-content\/uploads\/2021\/02\/HORARIS-BUS-URBA-DE-DILLUNS-A-DIVENDRES-LABORABLES-Inici-5-de-setembre_page-0002.jpg 2516w, https:\/\/cambrils-turisme.com\/wp-content\/uploads\/2021\/02\/HORARIS-BUS-URBA-DE-DILLUNS-A-DIVENDRES-LABORABLES-Inici-5-de-setembre_page-0002-300x213.jpg 300w, https:\/\/cambrils-turisme.com\/wp-content\/uploads\/2021\/02\/HORARIS-BUS-URBA-DE-DILLUNS-A-DIVENDRES-LABORABLES-Inici-5-de-setembre_page-0002-1024x729.jpg 1024w, https:\/\/cambrils-turisme.com\/wp-content\/uploads\/2021\/02\/HORARIS-BUS-URBA-DE-DILLUNS-A-DIVENDRES-LABORABLES-Inici-5-de-setembre_page-0002-768x546.jpg 768w, https:\/\/cambrils-turisme.com\/wp-content\/uploads\/2021\/02\/HORARIS-BUS-URBA-DE-DILLUNS-A-DIVENDRES-LABORABLES-Inici-5-de-setembre_page-0002-1536x1093.jpg 1536w, https:\/\/cambrils-turisme.com\/wp-content\/uploads\/2021\/02\/HORARIS-BUS-URBA-DE-DILLUNS-A-DIVENDRES-LABORABLES-Inici-5-de-setembre_page-0002-2048x1457.jpg 2048w\" sizes=\"(max-width: 300px) 100vw, 300px\" \/><\/a><\/p>\n<p>&nbsp;<\/p>\n<p><strong>S\u00e1bados<\/strong><\/p>\n<p><a href=\"https:\/\/cambrils-turisme.com\/wp-content\/uploads\/2021\/02\/HORARIS-BUS-URBA-DISSABTES-LABORABLES-Inici-3-de-setembre_page-0001.jpg\"><img loading=\"lazy\" class=\"alignnone size-medium wp-image-71538\" src=\"https:\/\/cambrils-turisme.com\/wp-content\/uploads\/2021\/02\/HORARIS-BUS-URBA-DISSABTES-LABORABLES-Inici-3-de-setembre_page-0001.jpg\" alt=\"\" width=\"300\" height=\"214\" srcset=\"https:\/\/cambrils-turisme.com\/wp-content\/uploads\/2021\/02\/HORARIS-BUS-URBA-DISSABTES-LABORABLES-Inici-3-de-setembre_page-0001.jpg 1790w, https:\/\/cambrils-turisme.com\/wp-content\/uploads\/2021\/02\/HORARIS-BUS-URBA-DISSABTES-LABORABLES-Inici-3-de-setembre_page-0001-300x214.jpg 300w, https:\/\/cambrils-turisme.com\/wp-content\/uploads\/2021\/02\/HORARIS-BUS-URBA-DISSABTES-LABORABLES-Inici-3-de-setembre_page-0001-1024x730.jpg 1024w, https:\/\/cambrils-turisme.com\/wp-content\/uploads\/2021\/02\/HORARIS-BUS-URBA-DISSABTES-LABORABLES-Inici-3-de-setembre_page-0001-768x547.jpg 768w, https:\/\/cambrils-turisme.com\/wp-content\/uploads\/2021\/02\/HORARIS-BUS-URBA-DISSABTES-LABORABLES-Inici-3-de-setembre_page-0001-1536x1095.jpg 1536w\" sizes=\"(max-width: 300px) 100vw, 300px\" \/><\/a>\u00a0 \u00a0 \u00a0 \u00a0 \u00a0 <a href=\"https:\/\/cambrils-turisme.com\/wp-content\/uploads\/2021\/02\/HORARIS-BUS-URBA-DISSABTES-LABORABLES-Inici-3-de-setembre_page-0002.jpg\"><img loading=\"lazy\" class=\"alignnone size-medium wp-image-71542\" src=\"https:\/\/cambrils-turisme.com\/wp-content\/uploads\/2021\/02\/HORARIS-BUS-URBA-DISSABTES-LABORABLES-Inici-3-de-setembre_page-0002.jpg\" alt=\"\" width=\"300\" height=\"214\" srcset=\"https:\/\/cambrils-turisme.com\/wp-content\/uploads\/2021\/02\/HORARIS-BUS-URBA-DISSABTES-LABORABLES-Inici-3-de-setembre_page-0002.jpg 1790w, https:\/\/cambrils-turisme.com\/wp-content\/uploads\/2021\/02\/HORARIS-BUS-URBA-DISSABTES-LABORABLES-Inici-3-de-setembre_page-0002-300x214.jpg 300w, https:\/\/cambrils-turisme.com\/wp-content\/uploads\/2021\/02\/HORARIS-BUS-URBA-DISSABTES-LABORABLES-Inici-3-de-setembre_page-0002-1024x730.jpg 1024w, https:\/\/cambrils-turisme.com\/wp-content\/uploads\/2021\/02\/HORARIS-BUS-URBA-DISSABTES-LABORABLES-Inici-3-de-setembre_page-0002-768x547.jpg 768w, https:\/\/cambrils-turisme.com\/wp-content\/uploads\/2021\/02\/HORARIS-BUS-URBA-DISSABTES-LABORABLES-Inici-3-de-setembre_page-0002-1536x1095.jpg 1536w\" sizes=\"(max-width: 300px) 100vw, 300px\" \/><\/a><\/p>\n<p>&nbsp;<\/p>\n<p>Tarjeta T-10<\/p>\n<p>Si prev\u00e9s que utilizar\u00e1s a menudo el bus, quiz\u00e1 te convenga adquirir una <strong><a href=\"http:\/\/www.atmcamptarragona.cat\/tarifes\">tarjeta T-10<\/a><\/strong> que hace m\u00e1s econ\u00f3micos los trayectos en autob\u00fas, tanto urbanos como interurbanos. Estas tarjetas se pueden adquirir o recargar en los siguientes puntos:<\/p>\n<p><a href=\"https:\/\/www.cambrils.cat\/aparcam\/fitxers\/tp\/xarxa-venda-targetes\"><img loading=\"lazy\" class=\"size-medium wp-image-14391 aligncenter\" src=\"https:\/\/cambrils-turisme.com\/wp-content\/uploads\/2021\/02\/Xarxa-de-venda-i-recarrega-de-targetes-integrades_compressed.jpg\" alt=\"\" width=\"212\" height=\"300\" srcset=\"https:\/\/cambrils-turisme.com\/wp-content\/uploads\/2021\/02\/Xarxa-de-venda-i-recarrega-de-targetes-integrades_compressed.jpg 1241w, https:\/\/cambrils-turisme.com\/wp-content\/uploads\/2021\/02\/Xarxa-de-venda-i-recarrega-de-targetes-integrades_compressed-212x300.jpg 212w, https:\/\/cambrils-turisme.com\/wp-content\/uploads\/2021\/02\/Xarxa-de-venda-i-recarrega-de-targetes-integrades_compressed-725x1024.jpg 725w, https:\/\/cambrils-turisme.com\/wp-content\/uploads\/2021\/02\/Xarxa-de-venda-i-recarrega-de-targetes-integrades_compressed-768x1085.jpg 768w, https:\/\/cambrils-turisme.com\/wp-content\/uploads\/2021\/02\/Xarxa-de-venda-i-recarrega-de-targetes-integrades_compressed-1087x1536.jpg 1087w\" sizes=\"(max-width: 212px) 100vw, 212px\" \/><\/a><\/p>\n<h3><\/h3>\n<h4>TAXIS<\/h4>\n<ul>\n<li><strong>Radio Taxis Cambrils<\/strong> Tel. (+34) 977 362622 <a class=\"btn_web\" style=\"margin-left: 10px; display: inline-block;\" href=\"https:\/\/taxiscambrils.com\/\" target=\"_blank\" rel=\"noopener\">Reservar un taxi<\/a><\/li>\n<li><strong>Radio Taxis Cambrils Jes\u00fas y Mar\u00eda<\/strong> Tel. (+34) 977 363323<\/li>\n<\/ul>\n<p>&nbsp;<\/p>\n<p>&nbsp;<\/p>\n","protected":false},"excerpt":{"rendered":"<p>Medios de Transporte P\u00fablico en Cambrils BICICLETAS ALQUILLER&amp;REPARACI\u00d3N DE BICICLETAS: Bike Cambrils Drac Beach Esports Marin\u00e9 Gabi Bike RodaBike Cycling&amp;Coffee\u00a0 &nbsp; PLANO CARRILES BICI &nbsp; BUS URBANO Lunes a viernes \u00a0 \u00a0 \u00a0 \u00a0 &nbsp; S\u00e1bados \u00a0 \u00a0 \u00a0 \u00a0 \u00a0 &nbsp; Tarjeta T-10 Si prev\u00e9s que utilizar\u00e1s a menudo el bus, quiz\u00e1 te convenga [&hellip;]<\/p>\n","protected":false},"author":5,"featured_media":15663,"comment_status":"closed","ping_status":"closed","sticky":false,"template":"","format":"standard","meta":[],"categories":[486],"tags":[],"acf":[],"_links":{"self":[{"href":"https:\/\/cambrils-turisme.com\/es\/wp-json\/wp\/v2\/posts\/14399"}],"collection":[{"href":"https:\/\/cambrils-turisme.com\/es\/wp-json\/wp\/v2\/posts"}],"about":[{"href":"https:\/\/cambrils-turisme.com\/es\/wp-json\/wp\/v2\/types\/post"}],"author":[{"embeddable":true,"href":"https:\/\/cambrils-turisme.com\/es\/wp-json\/wp\/v2\/users\/5"}],"replies":[{"embeddable":true,"href":"https:\/\/cambrils-turisme.com\/es\/wp-json\/wp\/v2\/comments?post=14399"}],"version-history":[{"count":17,"href":"https:\/\/cambrils-turisme.com\/es\/wp-json\/wp\/v2\/posts\/14399\/revisions"}],"predecessor-version":[{"id":117774,"href":"https:\/\/cambrils-turisme.com\/es\/wp-json\/wp\/v2\/posts\/14399\/revisions\/117774"}],"wp:featuredmedia":[{"embeddable":true,"href":"https:\/\/cambrils-turisme.com\/es\/wp-json\/wp\/v2\/media\/15663"}],"wp:attachment":[{"href":"https:\/\/cambrils-turisme.com\/es\/wp-json\/wp\/v2\/media?parent=14399"}],"wp:term":[{"taxonomy":"category","embeddable":true,"href":"https:\/\/cambrils-turisme.com\/es\/wp-json\/wp\/v2\/categories?post=14399"},{"taxonomy":"post_tag","embeddable":true,"href":"https:\/\/cambrils-turisme.com\/es\/wp-json\/wp\/v2\/tags?post=14399"}],"curies":[{"name":"wp","href":"https:\/\/api.w.org\/{rel}","templated":true}]}}